{"id":1,"date":"2025-06-16T15:52:26","date_gmt":"2025-06-16T15:52:26","guid":{"rendered":"http:\/\/emememe.org\/ademasdenubes\/?p=1"},"modified":"2025-06-20T16:56:23","modified_gmt":"2025-06-20T16:56:23","slug":"hello-world","status":"publish","type":"post","link":"https:\/\/emememe.org\/ademasdenubes\/uncategorized\/hello-world\/","title":{"rendered":"ADEM\u00c1S DE NUBES"},"content":{"rendered":"\n<div class=\"wp-block-columns is-layout-flex wp-container-core-columns-is-layout-28f84493 wp-block-columns-is-layout-flex\">\n<div class=\"wp-block-column is-layout-flow wp-block-column-is-layout-flow\" style=\"flex-basis:50%\">\n<div class=\"wp-block-columns is-layout-flex wp-container-core-columns-is-layout-28f84493 wp-block-columns-is-layout-flex\">\n<div class=\"wp-block-column is-layout-flow wp-block-column-is-layout-flow\">\n<p><\/p>\n\n\n\n<p><\/p>\n\n\n\n<p style=\"padding-top:var(--wp--preset--spacing--30);padding-bottom:var(--wp--preset--spacing--30);font-size:clamp(0.875rem, 0.875rem + ((1vw - 0.2rem) * 0.281), 1.1rem);\">Esta plataforma digital fue creada en el marco de mi residencia en la Cit\u00e9 Internationale des Arts, en Par\u00eds, realizada entre noviembre de 2024 y enero de 2025. Durante este periodo desarroll\u00e9 parte de mi investigaci\u00f3n art\u00edstica de largo aliento sobre el pensamiento ecol\u00f3gico y el estudio de las nubes y su transformaci\u00f3n hist\u00f3rica. Este proyecto, iniciado durante mis estudios de maestr\u00eda en la Universidad Nacional Aut\u00f3noma de M\u00e9xico, fue tambi\u00e9n la base de mi propuesta para la Beca Andes-Sena 2024.<\/p>\n\n\n\n<p style=\"padding-top:0;padding-bottom:0;font-size:clamp(0.875rem, 0.875rem + ((1vw - 0.2rem) * 0.281), 1.1rem);\">La investigaci\u00f3n se enfoca en comprender las nubes no como fen\u00f3menos atmosf\u00e9ricos aislados, sino como instancias donde se cruzan procesos naturales y el impacto humano en ellas. Desde esta perspectiva, el proyecto utiliza herramientas como la observaci\u00f3n, el archivo, la escritura y la producci\u00f3n visual para cuestionar los modos en que lo atmosf\u00e9rico ha sido construido, mediado y naturalizado.<\/p>\n\n\n\n<p style=\"padding-top:0;padding-bottom:0;font-size:clamp(0.875rem, 0.875rem + ((1vw - 0.2rem) * 0.281), 1.1rem);\">Aqu\u00ed se presentan los principales resultados de la residencia: un estudio abierto, el inicio de una serie de video ensayos, una colaboraci\u00f3n con la galer\u00eda de fotograf\u00eda Ithaque (Par\u00eds) \u2014donde realic\u00e9 una serie de fotograf\u00edas an\u00e1logas\u2014 y una bit\u00e1cora compuesta por dibujos y textos diarios. Estos materiales forman parte de una investigaci\u00f3n en curso, por lo que se presentan como trabajos en desarrollo o incluso como elementos del propio proceso.<\/p>\n\n\n\n<p style=\"padding-top:0;padding-bottom:0;font-size:clamp(0.875rem, 0.875rem + ((1vw - 0.2rem) * 0.281), 1.1rem);\">La residencia fue posible gracias al apoyo del Instituto Franc\u00e9s de Chile y del Ministerio de las Culturas, las Artes y el Patrimonio de Chile.<\/p>\n\n\n\n<p style=\"padding-top:0;padding-bottom:0;font-size:clamp(0.875rem, 0.875rem + ((1vw - 0.2rem) * 0.281), 1.1rem);\">Agradezco especialmente a las instituciones que hicieron posible esta experiencia y a las personas que me acompa\u00f1aron durante el viaje: Ra\u00fal Riquelme, Mat\u00edas Allende, Pama, Mart\u00edn Barrientos, David Ayala-Alfonso, Alexandre Arminjon, Esin Ayber, Zazie Cooreman, Xavier Pepineau y, de forma muy especial, a Meteo France.<\/p>\n<\/div>\n<\/div>\n<\/div>\n\n\n\n<div class=\"wp-block-column is-layout-flow wp-block-column-is-layout-flow\" style=\"flex-basis:50%\">\n<figure class=\"wp-block-gallery has-nested-images columns-1 is-cropped wp-block-gallery-1 is-layout-flex wp-block-gallery-is-layout-flex\" style=\"padding-top:var(--wp--preset--spacing--50);padding-right:var(--wp--preset--spacing--80);padding-bottom:var(--wp--preset--spacing--50);padding-left:var(--wp--preset--spacing--80)\">\n<figure class=\"wp-block-image size-full\"><img loading=\"lazy\" decoding=\"async\" width=\"597\" height=\"421\" data-id=\"167\" src=\"https:\/\/emememe.org\/ademasdenubes\/wp-content\/uploads\/2025\/06\/pruebba-01_BLANCO.png\" alt=\"\" class=\"wp-image-167\" srcset=\"https:\/\/emememe.org\/ademasdenubes\/wp-content\/uploads\/2025\/06\/pruebba-01_BLANCO.png 597w, https:\/\/emememe.org\/ademasdenubes\/wp-content\/uploads\/2025\/06\/pruebba-01_BLANCO-300x212.png 300w\" sizes=\"auto, (max-width: 597px) 100vw, 597px\" \/><\/figure>\n\n\n\n<figure class=\"wp-block-image size-large\"><img loading=\"lazy\" decoding=\"async\" width=\"1024\" height=\"630\" data-id=\"173\" src=\"https:\/\/emememe.org\/ademasdenubes\/wp-content\/uploads\/2025\/06\/IMG_7669_baja-1024x630.jpg\" alt=\"\" class=\"wp-image-173\" srcset=\"https:\/\/emememe.org\/ademasdenubes\/wp-content\/uploads\/2025\/06\/IMG_7669_baja-1024x630.jpg 1024w, https:\/\/emememe.org\/ademasdenubes\/wp-content\/uploads\/2025\/06\/IMG_7669_baja-300x185.jpg 300w, https:\/\/emememe.org\/ademasdenubes\/wp-content\/uploads\/2025\/06\/IMG_7669_baja-768x472.jpg 768w, https:\/\/emememe.org\/ademasdenubes\/wp-content\/uploads\/2025\/06\/IMG_7669_baja.jpg 1476w\" sizes=\"auto, (max-width: 1024px) 100vw, 1024px\" \/><\/figure>\n\n\n\n<figure class=\"wp-block-image size-large\"><img loading=\"lazy\" decoding=\"async\" width=\"819\" height=\"1024\" data-id=\"227\" src=\"https:\/\/emememe.org\/ademasdenubes\/wp-content\/uploads\/2025\/06\/FLYER-FINAL-01-819x1024.jpg\" alt=\"\" class=\"wp-image-227\" srcset=\"https:\/\/emememe.org\/ademasdenubes\/wp-content\/uploads\/2025\/06\/FLYER-FINAL-01-819x1024.jpg 819w, https:\/\/emememe.org\/ademasdenubes\/wp-content\/uploads\/2025\/06\/FLYER-FINAL-01-240x300.jpg 240w, https:\/\/emememe.org\/ademasdenubes\/wp-content\/uploads\/2025\/06\/FLYER-FINAL-01-768x960.jpg 768w, https:\/\/emememe.org\/ademasdenubes\/wp-content\/uploads\/2025\/06\/FLYER-FINAL-01-1229x1536.jpg 1229w, https:\/\/emememe.org\/ademasdenubes\/wp-content\/uploads\/2025\/06\/FLYER-FINAL-01-1639x2048.jpg 1639w, https:\/\/emememe.org\/ademasdenubes\/wp-content\/uploads\/2025\/06\/FLYER-FINAL-01-scaled.jpg 2048w\" sizes=\"auto, (max-width: 819px) 100vw, 819px\" \/><\/figure>\n<\/figure>\n<\/div>\n<\/div>\n\n\n\n<div class=\"wp-block-columns is-layout-flex wp-container-core-columns-is-layout-28f84493 wp-block-columns-is-layout-flex\">\n<div class=\"wp-block-column is-layout-flow wp-block-column-is-layout-flow\" style=\"flex-basis:100px\">\n<figure class=\"wp-block-image aligncenter size-large is-resized\"><img loading=\"lazy\" decoding=\"async\" width=\"1024\" height=\"994\" src=\"http:\/\/emememe.org\/ademasdenubes\/wp-content\/uploads\/2025\/06\/LOGO-AMBASSADE-DE-FRANCE-AU-CHILI-NOIR-1-1024x994.png\" alt=\"\" class=\"wp-image-68\" style=\"width:91px;height:auto\" srcset=\"https:\/\/emememe.org\/ademasdenubes\/wp-content\/uploads\/2025\/06\/LOGO-AMBASSADE-DE-FRANCE-AU-CHILI-NOIR-1-1024x994.png 1024w, https:\/\/emememe.org\/ademasdenubes\/wp-content\/uploads\/2025\/06\/LOGO-AMBASSADE-DE-FRANCE-AU-CHILI-NOIR-1-300x291.png 300w, https:\/\/emememe.org\/ademasdenubes\/wp-content\/uploads\/2025\/06\/LOGO-AMBASSADE-DE-FRANCE-AU-CHILI-NOIR-1-768x746.png 768w, https:\/\/emememe.org\/ademasdenubes\/wp-content\/uploads\/2025\/06\/LOGO-AMBASSADE-DE-FRANCE-AU-CHILI-NOIR-1-1536x1491.png 1536w, https:\/\/emememe.org\/ademasdenubes\/wp-content\/uploads\/2025\/06\/LOGO-AMBASSADE-DE-FRANCE-AU-CHILI-NOIR-1-2048x1989.png 2048w\" sizes=\"auto, (max-width: 1024px) 100vw, 1024px\" \/><\/figure>\n<\/div>\n\n\n\n<div class=\"wp-block-column is-layout-flow wp-block-column-is-layout-flow\" style=\"flex-basis:133px\">\n<figure class=\"wp-block-image size-full\"><img loading=\"lazy\" decoding=\"async\" width=\"851\" height=\"591\" src=\"http:\/\/emememe.org\/ademasdenubes\/wp-content\/uploads\/2025\/06\/IF-CHILE_Logo_Sans_Noir_RVB-1-1.png\" alt=\"\" class=\"wp-image-67\" srcset=\"https:\/\/emememe.org\/ademasdenubes\/wp-content\/uploads\/2025\/06\/IF-CHILE_Logo_Sans_Noir_RVB-1-1.png 851w, https:\/\/emememe.org\/ademasdenubes\/wp-content\/uploads\/2025\/06\/IF-CHILE_Logo_Sans_Noir_RVB-1-1-300x208.png 300w, https:\/\/emememe.org\/ademasdenubes\/wp-content\/uploads\/2025\/06\/IF-CHILE_Logo_Sans_Noir_RVB-1-1-768x533.png 768w\" sizes=\"auto, (max-width: 851px) 100vw, 851px\" \/><\/figure>\n<\/div>\n\n\n\n<div class=\"wp-block-column is-layout-flow wp-block-column-is-layout-flow\">\n<figure class=\"wp-block-image alignleft size-full is-resized\"><img loading=\"lazy\" decoding=\"async\" width=\"568\" height=\"567\" src=\"http:\/\/emememe.org\/ademasdenubes\/wp-content\/uploads\/2025\/06\/23_MCAP_RGB-02-1.png\" alt=\"\" class=\"wp-image-66\" style=\"width:133px;height:auto\" srcset=\"https:\/\/emememe.org\/ademasdenubes\/wp-content\/uploads\/2025\/06\/23_MCAP_RGB-02-1.png 568w, https:\/\/emememe.org\/ademasdenubes\/wp-content\/uploads\/2025\/06\/23_MCAP_RGB-02-1-300x300.png 300w, https:\/\/emememe.org\/ademasdenubes\/wp-content\/uploads\/2025\/06\/23_MCAP_RGB-02-1-150x150.png 150w\" sizes=\"auto, (max-width: 568px) 100vw, 568px\" \/><\/figure>\n<\/div>\n<\/div>\n\n\n\n<p><\/p>\n","protected":false},"excerpt":{"rendered":"<p>Esta plataforma digital fue creada en el marco de mi residencia en la Cit\u00e9 Internationale des Arts, en Par\u00eds, realizada entre noviembre de 2024 y enero de 2025. Durante este periodo desarroll\u00e9 parte de mi investigaci\u00f3n art\u00edstica de largo aliento sobre el pensamiento ecol\u00f3gico y el estudio de las nubes y su transformaci\u00f3n hist\u00f3rica. Este [&hellip;]<\/p>\n","protected":false},"author":1,"featured_media":22,"comment_status":"open","ping_status":"open","sticky":false,"template":"","format":"standard","meta":{"footnotes":""},"categories":[],"tags":[],"class_list":["post-1","post","type-post","status-publish","format-standard","has-post-thumbnail","hentry"],"_links":{"self":[{"href":"https:\/\/emememe.org\/ademasdenubes\/wp-json\/wp\/v2\/posts\/1","targetHints":{"allow":["GET"]}}],"collection":[{"href":"https:\/\/emememe.org\/ademasdenubes\/wp-json\/wp\/v2\/posts"}],"about":[{"href":"https:\/\/emememe.org\/ademasdenubes\/wp-json\/wp\/v2\/types\/post"}],"author":[{"embeddable":true,"href":"https:\/\/emememe.org\/ademasdenubes\/wp-json\/wp\/v2\/users\/1"}],"replies":[{"embeddable":true,"href":"https:\/\/emememe.org\/ademasdenubes\/wp-json\/wp\/v2\/comments?post=1"}],"version-history":[{"count":38,"href":"https:\/\/emememe.org\/ademasdenubes\/wp-json\/wp\/v2\/posts\/1\/revisions"}],"predecessor-version":[{"id":300,"href":"https:\/\/emememe.org\/ademasdenubes\/wp-json\/wp\/v2\/posts\/1\/revisions\/300"}],"wp:featuredmedia":[{"embeddable":true,"href":"https:\/\/emememe.org\/ademasdenubes\/wp-json\/wp\/v2\/media\/22"}],"wp:attachment":[{"href":"https:\/\/emememe.org\/ademasdenubes\/wp-json\/wp\/v2\/media?parent=1"}],"wp:term":[{"taxonomy":"category","embeddable":true,"href":"https:\/\/emememe.org\/ademasdenubes\/wp-json\/wp\/v2\/categories?post=1"},{"taxonomy":"post_tag","embeddable":true,"href":"https:\/\/emememe.org\/ademasdenubes\/wp-json\/wp\/v2\/tags?post=1"}],"curies":[{"name":"wp","href":"https:\/\/api.w.org\/{rel}","templated":true}]}}