{"id":23,"date":"2025-01-15T23:36:00","date_gmt":"2025-01-15T23:36:00","guid":{"rendered":"https:\/\/emememe.org\/ademasdenubes\/?p=23"},"modified":"2025-06-20T17:08:21","modified_gmt":"2025-06-20T17:08:21","slug":"la-anunciacion","status":"publish","type":"post","link":"https:\/\/emememe.org\/ademasdenubes\/estudio-abierto\/la-anunciacion\/","title":{"rendered":"LA ANUNCIACI\u00d3N"},"content":{"rendered":"\n<p class=\"has-base-color has-text-color has-link-color wp-elements-06ba60ab35174af4c81347a828783a25\">.<\/p>\n\n\n\n<div class=\"wp-block-columns is-layout-flex wp-container-core-columns-is-layout-28f84493 wp-block-columns-is-layout-flex\">\n<div class=\"wp-block-column is-layout-flow wp-block-column-is-layout-flow\">\n<figure class=\"wp-block-gallery aligncenter has-nested-images columns-default is-cropped wp-block-gallery-1 is-layout-flex wp-block-gallery-is-layout-flex\">\n<figure class=\"wp-block-image aligncenter size-full\" style=\"margin-top:var(--wp--preset--spacing--50);margin-right:var(--wp--preset--spacing--70);margin-bottom:var(--wp--preset--spacing--50);margin-left:var(--wp--preset--spacing--70)\"><img loading=\"lazy\" decoding=\"async\" width=\"2362\" height=\"1575\" data-id=\"52\" src=\"http:\/\/emememe.org\/ademasdenubes\/wp-content\/uploads\/2025\/01\/IMG_7392.jpg\" alt=\"\" class=\"wp-image-52\" srcset=\"https:\/\/emememe.org\/ademasdenubes\/wp-content\/uploads\/2025\/01\/IMG_7392.jpg 2362w, https:\/\/emememe.org\/ademasdenubes\/wp-content\/uploads\/2025\/01\/IMG_7392-300x200.jpg 300w, https:\/\/emememe.org\/ademasdenubes\/wp-content\/uploads\/2025\/01\/IMG_7392-1024x683.jpg 1024w, https:\/\/emememe.org\/ademasdenubes\/wp-content\/uploads\/2025\/01\/IMG_7392-768x512.jpg 768w, https:\/\/emememe.org\/ademasdenubes\/wp-content\/uploads\/2025\/01\/IMG_7392-1536x1024.jpg 1536w, https:\/\/emememe.org\/ademasdenubes\/wp-content\/uploads\/2025\/01\/IMG_7392-2048x1366.jpg 2048w\" sizes=\"auto, (max-width: 2362px) 100vw, 2362px\" \/><\/figure>\n<\/figure>\n<\/div>\n<\/div>\n\n\n\n<p class=\"has-text-color has-link-color wp-elements-d934f357f8cbb03ec35492348879937a\" style=\"color:#b5b5b5;font-size:clamp(0.875rem, 0.875rem + ((1vw - 0.2rem) * 0.031), 0.9rem);line-height:1\"><em>Vista de estudio abierto realizado el d\u00eda 15 de enero de 2025, en la Cit\u00e9 Internationale des Arts.<\/em><\/p>\n\n\n\n<p class=\"has-base-color has-text-color has-link-color wp-elements-06ba60ab35174af4c81347a828783a25\">.<\/p>\n\n\n\n<div class=\"wp-block-columns is-layout-flex wp-container-core-columns-is-layout-28f84493 wp-block-columns-is-layout-flex\">\n<div class=\"wp-block-column is-layout-flow wp-block-column-is-layout-flow\" style=\"flex-basis:80%\">\n<p style=\"font-size:clamp(0.875rem, 0.875rem + ((1vw - 0.2rem) * 0.406), 1.2rem);\"><em>\u00bfEn qu\u00e9 pensamos cuando pensamos en las nubes? \u00bfSon el objeto de nuestros pensamientos, o tal vez su contenedor abstracto?<\/em> La artista chilena Valentina Guerrero Mar\u00edn aborda estas preguntas para desarrollar una amplia investigaci\u00f3n sobre la naturaleza de las nubes, nuestras interpretaciones culturales y el potencial filos\u00f3fico que sugieren. Partiendo de la manifestaci\u00f3n de las nubes como presagios del futuro, y en particular como predictores de cat\u00e1strofes, ha desarrollado una amplia obra compuesta por escritos, dibujos, fotograf\u00edas, instalaciones, dispositivos \u00f3pticos, v\u00eddeos y formatos de observaci\u00f3n participativa.<\/p>\n\n\n\n<div class=\"wp-block-columns is-layout-flex wp-container-core-columns-is-layout-28f84493 wp-block-columns-is-layout-flex\">\n<div class=\"wp-block-column is-layout-flow wp-block-column-is-layout-flow\" style=\"flex-basis:100%\">\n<p style=\"font-size:clamp(0.875rem, 0.875rem + ((1vw - 0.2rem) * 0.406), 1.2rem);\">En el contexto de su residencia en la Cit\u00e9 Internationale des Arts, Guerrero presenta <em>La Anunciaci\u00f3n<\/em>, un proceso de trabajo desarrollado \u00edntegramente en Par\u00eds sobre su investigaci\u00f3n de las nubes. Utilizando video, dibujos, escritos, bit\u00e1coras, material de archivo y fotograf\u00eda, <em>La Anunciaci\u00f3n<\/em> da cuenta de los encuentros m\u00e1s recientes de la artista con la informaci\u00f3n de archivo y los sistemas meteorol\u00f3gicos. Tambi\u00e9n ensaya una serie de nuevos formatos que consolidan m\u00faltiples referencias (po\u00e9ticas, cient\u00edficas, archiv\u00edsticas, personales) en medios espec\u00edficos y formas previamente no exploradas en sus investigaciones sobre las nubes.<\/p>\n<\/div>\n<\/div>\n<\/div>\n\n\n\n<div class=\"wp-block-column is-layout-flow wp-block-column-is-layout-flow\" style=\"flex-basis:33.33%\"><\/div>\n<\/div>\n\n\n\n<figure class=\"wp-block-image size-large\"><img loading=\"lazy\" decoding=\"async\" width=\"1024\" height=\"687\" src=\"http:\/\/emememe.org\/ademasdenubes\/wp-content\/uploads\/2025\/06\/IMG_7300-1024x687.jpg\" alt=\"\" class=\"wp-image-44\" srcset=\"https:\/\/emememe.org\/ademasdenubes\/wp-content\/uploads\/2025\/06\/IMG_7300-1024x687.jpg 1024w, https:\/\/emememe.org\/ademasdenubes\/wp-content\/uploads\/2025\/06\/IMG_7300-300x201.jpg 300w, https:\/\/emememe.org\/ademasdenubes\/wp-content\/uploads\/2025\/06\/IMG_7300-768x515.jpg 768w, https:\/\/emememe.org\/ademasdenubes\/wp-content\/uploads\/2025\/06\/IMG_7300-1536x1031.jpg 1536w, https:\/\/emememe.org\/ademasdenubes\/wp-content\/uploads\/2025\/06\/IMG_7300-2048x1374.jpg 2048w\" sizes=\"auto, (max-width: 1024px) 100vw, 1024px\" \/><\/figure>\n\n\n\n<p class=\"has-base-color has-text-color has-link-color wp-elements-93bce5c405dbd3827ae0a662cc721a35\"><\/p>\n\n\n\n<p class=\"has-text-color has-link-color wp-elements-f81110b7772f8b24ed0484dc62a18eef\" style=\"color:#b5b5b5;font-size:clamp(0.875rem, 0.875rem + ((1vw - 0.2rem) * 0.031), 0.9rem);line-height:1\"><em>Vista del estudio abierto (detalle).<\/em><\/p>\n\n\n\n<div class=\"wp-block-columns is-layout-flex wp-container-core-columns-is-layout-28f84493 wp-block-columns-is-layout-flex\">\n<div class=\"wp-block-column is-layout-flow wp-block-column-is-layout-flow\" style=\"flex-basis:80%\">\n<p style=\"padding-top:var(--wp--preset--spacing--40);padding-bottom:var(--wp--preset--spacing--40);font-size:clamp(0.875rem, 0.875rem + ((1vw - 0.2rem) * 0.406), 1.2rem);\">La pieza central de <em>La Anunciaci\u00f3n<\/em> es un video monocanal organizado en torno a las estructuras cinematogr\u00e1ficas y conceptuales del v\u00eddeo de Chantal Akerman, <em>Le jour o\u00f9&#8230;<\/em>(1997) , en el que Guerrero superpone, de manera iterativa, reflexiones sobre la perspectiva con la que leemos los ciclos de nuestra cotidianidad; la circularidad del tiempo, los sistemas de medici\u00f3n cient\u00edfica, la incertidumbre sobre el futuro y la conversaci\u00f3n intelectual y art\u00edstica de la artista con diferentes autores. La imagen c\u00edclica y las voces remezclan el texto y a la vez sedimentan un vocabulario \u2014incluso un conjunto de herramientas\u2014 para entrar en el universo de Guerrero. Mientras que en la obra de Akerman nuestra mente se siente obligada a asociar ideas a los objetos del espacio dom\u00e9stico de la cineasta, en los videos de Guerrero nos enfrentamos a un cielo nublado que se resiste a cualquier intento de anclaje ling\u00fc\u00edstico o espacial. Aqu\u00ed, la artista nos recuerda otras referencias de estructura, como los ciclos anidados de la canci\u00f3n de Chico Buarque , <em>Constru\u00e7ao<\/em> (1971), donde la historia comienza como un incidente aislado, pero se extiende a contextos sociales m\u00e1s amplios en cada iteraci\u00f3n, gracias al intercambio de expresiones cuasi-hom\u00f3fonas.<\/p>\n\n\n\n<p style=\"font-size:clamp(0.875rem, 0.875rem + ((1vw - 0.2rem) * 0.406), 1.2rem);\">Un segundo boceto de v\u00eddeo silente revisa material de archivo de Meteo France para establecer conexiones excepcionales entre los documentos y acontecimientos hist\u00f3ricos y no hist\u00f3ricos en todo el mundo. El v\u00eddeo se centra en dos casos en M\u00e9xico y Chile, donde los esfuerzos industriales de gran escala han causado efectos dram\u00e1ticos en la ecolog\u00eda y el clima de dichos lugares. Otros materiales \u2014como fotograf\u00edas, dibujos, escritos y objetos ef\u00edmeros\u2014 dan cuenta del encuentro entre la investigaci\u00f3n y los nuevos hallazgos en Par\u00eds: registros de observaci\u00f3n de nubes en fechas espec\u00edficas o sistemas de partici\u00f3n ideados por investigadores aficionados y profesionales para dar cuenta de los paisajes nubosos en nuestros cielos.<\/p>\n\n\n\n<p style=\"padding-top:var(--wp--preset--spacing--40);padding-bottom:var(--wp--preset--spacing--40);font-size:clamp(0.875rem, 0.875rem + ((1vw - 0.2rem) * 0.406), 1.2rem);\">La obra de Guerrero es tambi\u00e9n una meditaci\u00f3n sobre la esencia de la investigaci\u00f3n y la pr\u00e1ctica art\u00edsticas; indaga en lo que ofrece el gesto de traducir un concepto o una experiencia de un medio a otro. Pero es precisamente en el montaje donde todo vuelve a cobrar sentido: una cuidadosa construcci\u00f3n de referencias interconectadas que cristalizan complejas b\u00fasquedas intelectuales y sirven de plataforma para la deriva interna del p\u00fablico. Aunque a\u00fan en desarrollo, este naciente conjunto de formatos encarna reflexiones fundamentales de la investigaci\u00f3n y la pr\u00e1ctica actuales de Guerrero, ya que conecta nuevos hallazgos y medios previamente inexplorados con los pensamientos y reflexiones de los \u00faltimos dos a\u00f1os.<\/p>\n\n\n\n<p style=\"font-size:clamp(0.875rem, 0.875rem + ((1vw - 0.2rem) * 0.406), 1.2rem);\">\u2014David Ayala-Alfonso.<\/p>\n<\/div>\n\n\n\n<div class=\"wp-block-column is-layout-flow wp-block-column-is-layout-flow\" style=\"flex-basis:33.33%\"><\/div>\n<\/div>\n\n\n\n<p style=\"padding-top:var(--wp--preset--spacing--40);padding-bottom:var(--wp--preset--spacing--40);font-size:clamp(0.875rem, 0.875rem + ((1vw - 0.2rem) * 0.406), 1.2rem);\"><\/p>\n\n\n\n<figure class=\"wp-block-gallery has-nested-images columns-1 is-cropped wp-block-gallery-2 is-layout-flex wp-block-gallery-is-layout-flex\">\n<figure class=\"wp-block-image size-large\" style=\"margin-top:var(--wp--preset--spacing--30);margin-right:var(--wp--preset--spacing--80);margin-bottom:var(--wp--preset--spacing--30);margin-left:var(--wp--preset--spacing--80)\"><img loading=\"lazy\" decoding=\"async\" width=\"1024\" height=\"683\" data-id=\"51\" src=\"https:\/\/emememe.org\/ademasdenubes\/wp-content\/uploads\/2025\/01\/IMG_7379-1024x683.jpg\" alt=\"\" class=\"wp-image-51\" srcset=\"https:\/\/emememe.org\/ademasdenubes\/wp-content\/uploads\/2025\/01\/IMG_7379-1024x683.jpg 1024w, https:\/\/emememe.org\/ademasdenubes\/wp-content\/uploads\/2025\/01\/IMG_7379-300x200.jpg 300w, https:\/\/emememe.org\/ademasdenubes\/wp-content\/uploads\/2025\/01\/IMG_7379-768x512.jpg 768w, https:\/\/emememe.org\/ademasdenubes\/wp-content\/uploads\/2025\/01\/IMG_7379-1536x1024.jpg 1536w, https:\/\/emememe.org\/ademasdenubes\/wp-content\/uploads\/2025\/01\/IMG_7379-2048x1366.jpg 2048w\" sizes=\"auto, (max-width: 1024px) 100vw, 1024px\" \/><\/figure>\n\n\n\n<figure class=\"wp-block-image size-large\" style=\"margin-top:var(--wp--preset--spacing--40);margin-right:var(--wp--preset--spacing--70);margin-bottom:var(--wp--preset--spacing--40);margin-left:var(--wp--preset--spacing--70)\"><img loading=\"lazy\" decoding=\"async\" width=\"1024\" height=\"683\" data-id=\"55\" src=\"https:\/\/emememe.org\/ademasdenubes\/wp-content\/uploads\/2025\/01\/IMG_7408-1024x683.jpg\" alt=\"\" class=\"wp-image-55\" srcset=\"https:\/\/emememe.org\/ademasdenubes\/wp-content\/uploads\/2025\/01\/IMG_7408-1024x683.jpg 1024w, https:\/\/emememe.org\/ademasdenubes\/wp-content\/uploads\/2025\/01\/IMG_7408-300x200.jpg 300w, https:\/\/emememe.org\/ademasdenubes\/wp-content\/uploads\/2025\/01\/IMG_7408-768x512.jpg 768w, https:\/\/emememe.org\/ademasdenubes\/wp-content\/uploads\/2025\/01\/IMG_7408-1536x1024.jpg 1536w, https:\/\/emememe.org\/ademasdenubes\/wp-content\/uploads\/2025\/01\/IMG_7408-2048x1366.jpg 2048w\" sizes=\"auto, (max-width: 1024px) 100vw, 1024px\" \/><\/figure>\n\n\n\n<figure class=\"wp-block-image size-large\" style=\"margin-right:var(--wp--preset--spacing--70);margin-left:var(--wp--preset--spacing--70)\"><img loading=\"lazy\" decoding=\"async\" width=\"1024\" height=\"683\" data-id=\"47\" src=\"https:\/\/emememe.org\/ademasdenubes\/wp-content\/uploads\/2025\/06\/IMG_7291-1024x683.jpg\" alt=\"\" class=\"wp-image-47\" srcset=\"https:\/\/emememe.org\/ademasdenubes\/wp-content\/uploads\/2025\/06\/IMG_7291-1024x683.jpg 1024w, https:\/\/emememe.org\/ademasdenubes\/wp-content\/uploads\/2025\/06\/IMG_7291-300x200.jpg 300w, https:\/\/emememe.org\/ademasdenubes\/wp-content\/uploads\/2025\/06\/IMG_7291-768x512.jpg 768w, https:\/\/emememe.org\/ademasdenubes\/wp-content\/uploads\/2025\/06\/IMG_7291-1536x1024.jpg 1536w, https:\/\/emememe.org\/ademasdenubes\/wp-content\/uploads\/2025\/06\/IMG_7291-2048x1366.jpg 2048w\" sizes=\"auto, (max-width: 1024px) 100vw, 1024px\" \/><\/figure>\n\n\n\n<figure class=\"wp-block-image size-large\" style=\"margin-top:var(--wp--preset--spacing--40);margin-right:var(--wp--preset--spacing--70);margin-bottom:var(--wp--preset--spacing--40);margin-left:var(--wp--preset--spacing--70)\"><img loading=\"lazy\" decoding=\"async\" width=\"1024\" height=\"683\" data-id=\"46\" src=\"https:\/\/emememe.org\/ademasdenubes\/wp-content\/uploads\/2025\/06\/IMG_7374-1024x683.jpg\" alt=\"\" class=\"wp-image-46\" srcset=\"https:\/\/emememe.org\/ademasdenubes\/wp-content\/uploads\/2025\/06\/IMG_7374-1024x683.jpg 1024w, https:\/\/emememe.org\/ademasdenubes\/wp-content\/uploads\/2025\/06\/IMG_7374-300x200.jpg 300w, https:\/\/emememe.org\/ademasdenubes\/wp-content\/uploads\/2025\/06\/IMG_7374-768x512.jpg 768w, https:\/\/emememe.org\/ademasdenubes\/wp-content\/uploads\/2025\/06\/IMG_7374-1536x1024.jpg 1536w, https:\/\/emememe.org\/ademasdenubes\/wp-content\/uploads\/2025\/06\/IMG_7374-2048x1366.jpg 2048w\" sizes=\"auto, (max-width: 1024px) 100vw, 1024px\" \/><\/figure>\n\n\n\n<figure class=\"wp-block-image size-large\" style=\"margin-top:var(--wp--preset--spacing--40);margin-right:var(--wp--preset--spacing--70);margin-bottom:var(--wp--preset--spacing--40);margin-left:var(--wp--preset--spacing--70)\"><img loading=\"lazy\" decoding=\"async\" width=\"1024\" height=\"620\" data-id=\"54\" src=\"https:\/\/emememe.org\/ademasdenubes\/wp-content\/uploads\/2025\/01\/IMG_7404-1024x620.jpg\" alt=\"\" class=\"wp-image-54\" srcset=\"https:\/\/emememe.org\/ademasdenubes\/wp-content\/uploads\/2025\/01\/IMG_7404-1024x620.jpg 1024w, https:\/\/emememe.org\/ademasdenubes\/wp-content\/uploads\/2025\/01\/IMG_7404-300x182.jpg 300w, https:\/\/emememe.org\/ademasdenubes\/wp-content\/uploads\/2025\/01\/IMG_7404-768x465.jpg 768w, https:\/\/emememe.org\/ademasdenubes\/wp-content\/uploads\/2025\/01\/IMG_7404-1536x930.jpg 1536w, https:\/\/emememe.org\/ademasdenubes\/wp-content\/uploads\/2025\/01\/IMG_7404-2048x1240.jpg 2048w\" sizes=\"auto, (max-width: 1024px) 100vw, 1024px\" \/><\/figure>\n\n\n\n<figure class=\"wp-block-image size-large\" style=\"margin-top:var(--wp--preset--spacing--40);margin-right:var(--wp--preset--spacing--70);margin-bottom:var(--wp--preset--spacing--40);margin-left:var(--wp--preset--spacing--70)\"><img loading=\"lazy\" decoding=\"async\" width=\"1024\" height=\"689\" data-id=\"150\" src=\"http:\/\/emememe.org\/ademasdenubes\/wp-content\/uploads\/2025\/01\/IMG_7417_chica_baja-1024x689.jpg\" alt=\"\" class=\"wp-image-150\" srcset=\"https:\/\/emememe.org\/ademasdenubes\/wp-content\/uploads\/2025\/01\/IMG_7417_chica_baja-1024x689.jpg 1024w, https:\/\/emememe.org\/ademasdenubes\/wp-content\/uploads\/2025\/01\/IMG_7417_chica_baja-300x202.jpg 300w, https:\/\/emememe.org\/ademasdenubes\/wp-content\/uploads\/2025\/01\/IMG_7417_chica_baja-768x517.jpg 768w, https:\/\/emememe.org\/ademasdenubes\/wp-content\/uploads\/2025\/01\/IMG_7417_chica_baja-1536x1034.jpg 1536w, https:\/\/emememe.org\/ademasdenubes\/wp-content\/uploads\/2025\/01\/IMG_7417_chica_baja-2048x1379.jpg 2048w\" sizes=\"auto, (max-width: 1024px) 100vw, 1024px\" \/><\/figure>\n\n\n\n<figure class=\"wp-block-image size-large\" style=\"margin-top:var(--wp--preset--spacing--30);margin-right:var(--wp--preset--spacing--70);margin-bottom:var(--wp--preset--spacing--30);margin-left:var(--wp--preset--spacing--70)\"><img loading=\"lazy\" decoding=\"async\" width=\"1024\" height=\"722\" data-id=\"57\" src=\"https:\/\/emememe.org\/ademasdenubes\/wp-content\/uploads\/2025\/01\/1_grande-1024x722.jpg\" alt=\"\" class=\"wp-image-57\" srcset=\"https:\/\/emememe.org\/ademasdenubes\/wp-content\/uploads\/2025\/01\/1_grande-1024x722.jpg 1024w, https:\/\/emememe.org\/ademasdenubes\/wp-content\/uploads\/2025\/01\/1_grande-300x212.jpg 300w, https:\/\/emememe.org\/ademasdenubes\/wp-content\/uploads\/2025\/01\/1_grande-768x542.jpg 768w, https:\/\/emememe.org\/ademasdenubes\/wp-content\/uploads\/2025\/01\/1_grande.jpg 1181w\" sizes=\"auto, (max-width: 1024px) 100vw, 1024px\" \/><\/figure>\n<\/figure>\n\n\n\n<p><\/p>\n","protected":false},"excerpt":{"rendered":"<p>. Vista de estudio abierto realizado el d\u00eda 15 de enero de 2025, en la Cit\u00e9 Internationale des Arts. . \u00bfEn qu\u00e9 pensamos cuando pensamos en las nubes? \u00bfSon el objeto de nuestros pensamientos, o tal vez su contenedor abstracto? La artista chilena Valentina Guerrero Mar\u00edn aborda estas preguntas para desarrollar una amplia investigaci\u00f3n sobre [&hellip;]<\/p>\n","protected":false},"author":1,"featured_media":52,"comment_status":"open","ping_status":"open","sticky":false,"template":"","format":"standard","meta":{"footnotes":""},"categories":[4],"tags":[6],"class_list":["post-23","post","type-post","status-publish","format-standard","has-post-thumbnail","hentry","category-estudio-abierto","tag-estudio-abierto"],"_links":{"self":[{"href":"https:\/\/emememe.org\/ademasdenubes\/wp-json\/wp\/v2\/posts\/23","targetHints":{"allow":["GET"]}}],"collection":[{"href":"https:\/\/emememe.org\/ademasdenubes\/wp-json\/wp\/v2\/posts"}],"about":[{"href":"https:\/\/emememe.org\/ademasdenubes\/wp-json\/wp\/v2\/types\/post"}],"author":[{"embeddable":true,"href":"https:\/\/emememe.org\/ademasdenubes\/wp-json\/wp\/v2\/users\/1"}],"replies":[{"embeddable":true,"href":"https:\/\/emememe.org\/ademasdenubes\/wp-json\/wp\/v2\/comments?post=23"}],"version-history":[{"count":42,"href":"https:\/\/emememe.org\/ademasdenubes\/wp-json\/wp\/v2\/posts\/23\/revisions"}],"predecessor-version":[{"id":319,"href":"https:\/\/emememe.org\/ademasdenubes\/wp-json\/wp\/v2\/posts\/23\/revisions\/319"}],"wp:featuredmedia":[{"embeddable":true,"href":"https:\/\/emememe.org\/ademasdenubes\/wp-json\/wp\/v2\/media\/52"}],"wp:attachment":[{"href":"https:\/\/emememe.org\/ademasdenubes\/wp-json\/wp\/v2\/media?parent=23"}],"wp:term":[{"taxonomy":"category","embeddable":true,"href":"https:\/\/emememe.org\/ademasdenubes\/wp-json\/wp\/v2\/categories?post=23"},{"taxonomy":"post_tag","embeddable":true,"href":"https:\/\/emememe.org\/ademasdenubes\/wp-json\/wp\/v2\/tags?post=23"}],"curies":[{"name":"wp","href":"https:\/\/api.w.org\/{rel}","templated":true}]}}