{"id":71,"date":"2025-01-07T04:31:00","date_gmt":"2025-01-07T04:31:00","guid":{"rendered":"https:\/\/emememe.org\/ademasdenubes\/?p=71"},"modified":"2025-06-20T17:21:12","modified_gmt":"2025-06-20T17:21:12","slug":"parcialmente-nublado","status":"publish","type":"post","link":"https:\/\/emememe.org\/ademasdenubes\/trabajo-en-proceso\/parcialmente-nublado\/","title":{"rendered":"PARCIALMENTE NUBLADO"},"content":{"rendered":"\n<p class=\"has-base-color has-text-color has-link-color wp-elements-06ba60ab35174af4c81347a828783a25\">.<\/p>\n\n\n\n<div class=\"wp-block-columns is-layout-flex wp-container-core-columns-is-layout-28f84493 wp-block-columns-is-layout-flex\">\n<div class=\"wp-block-column is-layout-flow wp-block-column-is-layout-flow\" style=\"padding-top:var(--wp--preset--spacing--50);padding-bottom:var(--wp--preset--spacing--50)\">\n<p class=\"has-text-color has-link-color wp-elements-428f51f79bfab84b926f16e04cbaaf37\" style=\"color:#82ccff\">A comienzos de enero, y durante mi estancia en la Cit\u00e9, realic\u00e9 una residencia de quince d\u00edas en la Galer\u00eda Ithaque, dedicada a la fotograf\u00eda anal\u00f3gica. All\u00ed trabaj\u00e9 en el cuarto oscuro y desarroll\u00e9 una serie de im\u00e1genes en blanco y negro, que acompa\u00f1aron el proceso de escritura del gui\u00f3n del video <em>El d\u00eda que decid\u00ed pensar en las nubes<\/em>.<\/p>\n\n\n\n<p style=\"font-size:clamp(14px, 0.875rem + ((1vw - 3.2px) * 0.469), 20px);\">La serie toma como referencia el sistema de medici\u00f3n de nubosidad, llamado octas (u <em>oktas<\/em>), utilizado en meteorolog\u00eda para racionalizar y medir el espacio visual del cielo. Este m\u00e9todo divide la b\u00f3veda celeste en ocho partes iguales y asigna un valor de 0 a 8 seg\u00fan la cantidad de cielo cubierta por nubes. Basado en la observaci\u00f3n directa, sin ayuda de instrumentos, el sistema revela tanto su utilidad pr\u00e1ctica como su inherente naturaleza subjetiva.<\/p>\n\n\n\n<p style=\"font-size:clamp(14px, 0.875rem + ((1vw - 3.2px) * 0.469), 20px);\">M\u00e1s que ilustrar el uso de las octas, la serie reflexiona sobre c\u00f3mo medimos y representamos lo atmosf\u00e9rico, a la vez que cuestiona la aparente objetividad de las herramientas cient\u00edficas. Estas im\u00e1genes sentaron las bases conceptuales y formales para el video mencionado, que retoma la l\u00f3gica de observaci\u00f3n panor\u00e1mica al realizar un giro continuo y repetido, intentando sondear la nubosidad y construir una visualidad a\u00e9rea cambiante, pero continua.<\/p>\n<\/div>\n\n\n\n<div class=\"wp-block-column is-vertically-aligned-center is-layout-flow wp-container-core-column-is-layout-8e20e5a7 wp-block-column-is-layout-flow\" style=\"padding-right:var(--wp--preset--spacing--40);padding-left:var(--wp--preset--spacing--40)\">\n<figure class=\"wp-block-image size-large\" style=\"margin-right:var(--wp--preset--spacing--60);margin-left:var(--wp--preset--spacing--60)\"><img loading=\"lazy\" decoding=\"async\" width=\"1024\" height=\"606\" src=\"http:\/\/emememe.org\/ademasdenubes\/wp-content\/uploads\/2025\/01\/invertida-copy-1024x606.png\" alt=\"\" class=\"wp-image-193\" srcset=\"https:\/\/emememe.org\/ademasdenubes\/wp-content\/uploads\/2025\/01\/invertida-copy-1024x606.png 1024w, https:\/\/emememe.org\/ademasdenubes\/wp-content\/uploads\/2025\/01\/invertida-copy-300x177.png 300w, https:\/\/emememe.org\/ademasdenubes\/wp-content\/uploads\/2025\/01\/invertida-copy-768x454.png 768w, https:\/\/emememe.org\/ademasdenubes\/wp-content\/uploads\/2025\/01\/invertida-copy.png 1381w\" sizes=\"auto, (max-width: 1024px) 100vw, 1024px\" \/><\/figure>\n\n\n\n<figure class=\"wp-block-image aligncenter size-full is-resized\" style=\"margin-top:var(--wp--preset--spacing--60);margin-right:var(--wp--preset--spacing--50);margin-bottom:var(--wp--preset--spacing--60);margin-left:var(--wp--preset--spacing--50)\"><img loading=\"lazy\" decoding=\"async\" width=\"1024\" height=\"1693\" src=\"http:\/\/emememe.org\/ademasdenubes\/wp-content\/uploads\/2025\/01\/octas-invertidas.png\" alt=\"\" class=\"wp-image-194\" style=\"width:237px;height:auto\" srcset=\"https:\/\/emememe.org\/ademasdenubes\/wp-content\/uploads\/2025\/01\/octas-invertidas.png 1024w, https:\/\/emememe.org\/ademasdenubes\/wp-content\/uploads\/2025\/01\/octas-invertidas-181x300.png 181w, https:\/\/emememe.org\/ademasdenubes\/wp-content\/uploads\/2025\/01\/octas-invertidas-619x1024.png 619w, https:\/\/emememe.org\/ademasdenubes\/wp-content\/uploads\/2025\/01\/octas-invertidas-768x1270.png 768w, https:\/\/emememe.org\/ademasdenubes\/wp-content\/uploads\/2025\/01\/octas-invertidas-929x1536.png 929w\" sizes=\"auto, (max-width: 1024px) 100vw, 1024px\" \/><\/figure>\n<\/div>\n<\/div>\n\n\n\n<div class=\"wp-block-columns is-layout-flex wp-container-core-columns-is-layout-28f84493 wp-block-columns-is-layout-flex\">\n<div class=\"wp-block-column is-layout-flow wp-block-column-is-layout-flow\">\n<figure class=\"wp-block-image size-large is-resized\" style=\"margin-top:var(--wp--preset--spacing--60);margin-right:var(--wp--preset--spacing--80);margin-bottom:var(--wp--preset--spacing--60);margin-left:var(--wp--preset--spacing--80)\"><img loading=\"lazy\" decoding=\"async\" width=\"976\" height=\"1024\" src=\"http:\/\/emememe.org\/ademasdenubes\/wp-content\/uploads\/2025\/06\/IMG_7414-976x1024.jpg\" alt=\"\" class=\"wp-image-73\" style=\"width:741px;height:auto\" srcset=\"https:\/\/emememe.org\/ademasdenubes\/wp-content\/uploads\/2025\/06\/IMG_7414-976x1024.jpg 976w, https:\/\/emememe.org\/ademasdenubes\/wp-content\/uploads\/2025\/06\/IMG_7414-286x300.jpg 286w, https:\/\/emememe.org\/ademasdenubes\/wp-content\/uploads\/2025\/06\/IMG_7414-768x806.jpg 768w, https:\/\/emememe.org\/ademasdenubes\/wp-content\/uploads\/2025\/06\/IMG_7414.jpg 1417w\" sizes=\"auto, (max-width: 976px) 100vw, 976px\" \/><figcaption class=\"wp-element-caption\"><em>Dos series fotogr\u00e1ficas realizadas durante la residencia y  mostradas en el estudio abierto, en enero 2025. <\/em><\/figcaption><\/figure>\n\n\n\n<figure class=\"wp-block-image size-large is-resized\" style=\"margin-right:var(--wp--preset--spacing--80);margin-left:var(--wp--preset--spacing--80)\"><img loading=\"lazy\" decoding=\"async\" width=\"979\" height=\"1024\" src=\"http:\/\/emememe.org\/ademasdenubes\/wp-content\/uploads\/2025\/06\/IMG_7415-979x1024.jpg\" alt=\"\" class=\"wp-image-74\" style=\"width:553px;height:auto\" srcset=\"https:\/\/emememe.org\/ademasdenubes\/wp-content\/uploads\/2025\/06\/IMG_7415-979x1024.jpg 979w, https:\/\/emememe.org\/ademasdenubes\/wp-content\/uploads\/2025\/06\/IMG_7415-287x300.jpg 287w, https:\/\/emememe.org\/ademasdenubes\/wp-content\/uploads\/2025\/06\/IMG_7415-768x803.jpg 768w, https:\/\/emememe.org\/ademasdenubes\/wp-content\/uploads\/2025\/06\/IMG_7415.jpg 1417w\" sizes=\"auto, (max-width: 979px) 100vw, 979px\" \/><\/figure>\n\n\n\n<p class=\"has-base-color has-text-color has-link-color wp-elements-06ba60ab35174af4c81347a828783a25\">.<\/p>\n<\/div>\n<\/div>\n\n\n\n<figure class=\"wp-block-image aligncenter size-large is-resized\" style=\"margin-top:var(--wp--preset--spacing--50);margin-right:var(--wp--preset--spacing--40);margin-bottom:var(--wp--preset--spacing--50);margin-left:var(--wp--preset--spacing--40)\"><img loading=\"lazy\" decoding=\"async\" width=\"1024\" height=\"679\" src=\"http:\/\/emememe.org\/ademasdenubes\/wp-content\/uploads\/2025\/06\/000245980018-1024x679.jpg\" alt=\"\" class=\"wp-image-75\" style=\"width:446px;height:auto\" srcset=\"https:\/\/emememe.org\/ademasdenubes\/wp-content\/uploads\/2025\/06\/000245980018-1024x679.jpg 1024w, https:\/\/emememe.org\/ademasdenubes\/wp-content\/uploads\/2025\/06\/000245980018-300x199.jpg 300w, https:\/\/emememe.org\/ademasdenubes\/wp-content\/uploads\/2025\/06\/000245980018-768x509.jpg 768w, https:\/\/emememe.org\/ademasdenubes\/wp-content\/uploads\/2025\/06\/000245980018-1536x1018.jpg 1536w, https:\/\/emememe.org\/ademasdenubes\/wp-content\/uploads\/2025\/06\/000245980018.jpg 1565w\" sizes=\"auto, (max-width: 1024px) 100vw, 1024px\" \/><\/figure>\n\n\n\n<figure class=\"wp-block-image size-large is-resized\"><img loading=\"lazy\" decoding=\"async\" width=\"1024\" height=\"679\" src=\"http:\/\/emememe.org\/ademasdenubes\/wp-content\/uploads\/2025\/06\/000243870027-1024x679.jpg\" alt=\"\" class=\"wp-image-72\" style=\"width:447px;height:auto\" srcset=\"https:\/\/emememe.org\/ademasdenubes\/wp-content\/uploads\/2025\/06\/000243870027-1024x679.jpg 1024w, https:\/\/emememe.org\/ademasdenubes\/wp-content\/uploads\/2025\/06\/000243870027-300x199.jpg 300w, https:\/\/emememe.org\/ademasdenubes\/wp-content\/uploads\/2025\/06\/000243870027-768x509.jpg 768w, https:\/\/emememe.org\/ademasdenubes\/wp-content\/uploads\/2025\/06\/000243870027-1536x1018.jpg 1536w, https:\/\/emememe.org\/ademasdenubes\/wp-content\/uploads\/2025\/06\/000243870027.jpg 1565w\" sizes=\"auto, (max-width: 1024px) 100vw, 1024px\" \/><figcaption class=\"wp-element-caption\"><em>Otra serie de fotograf\u00edas individuales que fueron trabajadas en el <\/em><br><em>cuarto oscuro de Galer\u00eda Ithaque y mostradas durante el <\/em><br><em>estudio abierto.<\/em><\/figcaption><\/figure>\n\n\n\n<p><\/p>\n","protected":false},"excerpt":{"rendered":"<p>. A comienzos de enero, y durante mi estancia en la Cit\u00e9, realic\u00e9 una residencia de quince d\u00edas en la Galer\u00eda Ithaque, dedicada a la fotograf\u00eda anal\u00f3gica. All\u00ed trabaj\u00e9 en el cuarto oscuro y desarroll\u00e9 una serie de im\u00e1genes en blanco y negro, que acompa\u00f1aron el proceso de escritura del gui\u00f3n del video El d\u00eda [&hellip;]<\/p>\n","protected":false},"author":1,"featured_media":74,"comment_status":"open","ping_status":"open","sticky":false,"template":"","format":"standard","meta":{"footnotes":""},"categories":[8],"tags":[],"class_list":["post-71","post","type-post","status-publish","format-standard","has-post-thumbnail","hentry","category-trabajo-en-proceso"],"_links":{"self":[{"href":"https:\/\/emememe.org\/ademasdenubes\/wp-json\/wp\/v2\/posts\/71","targetHints":{"allow":["GET"]}}],"collection":[{"href":"https:\/\/emememe.org\/ademasdenubes\/wp-json\/wp\/v2\/posts"}],"about":[{"href":"https:\/\/emememe.org\/ademasdenubes\/wp-json\/wp\/v2\/types\/post"}],"author":[{"embeddable":true,"href":"https:\/\/emememe.org\/ademasdenubes\/wp-json\/wp\/v2\/users\/1"}],"replies":[{"embeddable":true,"href":"https:\/\/emememe.org\/ademasdenubes\/wp-json\/wp\/v2\/comments?post=71"}],"version-history":[{"count":32,"href":"https:\/\/emememe.org\/ademasdenubes\/wp-json\/wp\/v2\/posts\/71\/revisions"}],"predecessor-version":[{"id":333,"href":"https:\/\/emememe.org\/ademasdenubes\/wp-json\/wp\/v2\/posts\/71\/revisions\/333"}],"wp:featuredmedia":[{"embeddable":true,"href":"https:\/\/emememe.org\/ademasdenubes\/wp-json\/wp\/v2\/media\/74"}],"wp:attachment":[{"href":"https:\/\/emememe.org\/ademasdenubes\/wp-json\/wp\/v2\/media?parent=71"}],"wp:term":[{"taxonomy":"category","embeddable":true,"href":"https:\/\/emememe.org\/ademasdenubes\/wp-json\/wp\/v2\/categories?post=71"},{"taxonomy":"post_tag","embeddable":true,"href":"https:\/\/emememe.org\/ademasdenubes\/wp-json\/wp\/v2\/tags?post=71"}],"curies":[{"name":"wp","href":"https:\/\/api.w.org\/{rel}","templated":true}]}}