{"id":83,"date":"2024-12-18T00:21:00","date_gmt":"2024-12-18T00:21:00","guid":{"rendered":"https:\/\/emememe.org\/ademasdenubes\/?p=83"},"modified":"2025-06-20T17:25:52","modified_gmt":"2025-06-20T17:25:52","slug":"el-dia-que-decidi-pensar-en-las-nubes","status":"publish","type":"post","link":"https:\/\/emememe.org\/ademasdenubes\/trabajo-en-proceso\/el-dia-que-decidi-pensar-en-las-nubes\/","title":{"rendered":"EL D\u00cdA QUE DECID\u00cd PENSAR EN LAS NUBES"},"content":{"rendered":"\n<div class=\"wp-block-columns is-layout-flex wp-container-core-columns-is-layout-28f84493 wp-block-columns-is-layout-flex\">\n<div class=\"wp-block-column is-vertically-aligned-top is-layout-flow wp-block-column-is-layout-flow\" style=\"flex-basis:48%\">\n<figure class=\"wp-block-image size-full is-resized\" style=\"margin-top:var(--wp--preset--spacing--60);margin-bottom:var(--wp--preset--spacing--60)\"><img loading=\"lazy\" decoding=\"async\" width=\"2560\" height=\"2050\" src=\"http:\/\/emememe.org\/ademasdenubes\/wp-content\/uploads\/2025\/06\/STILLS-scaled.jpg\" alt=\"\" class=\"wp-image-114\" style=\"width:535px\" srcset=\"https:\/\/emememe.org\/ademasdenubes\/wp-content\/uploads\/2025\/06\/STILLS-scaled.jpg 2560w, https:\/\/emememe.org\/ademasdenubes\/wp-content\/uploads\/2025\/06\/STILLS-300x240.jpg 300w, https:\/\/emememe.org\/ademasdenubes\/wp-content\/uploads\/2025\/06\/STILLS-1024x820.jpg 1024w, https:\/\/emememe.org\/ademasdenubes\/wp-content\/uploads\/2025\/06\/STILLS-768x615.jpg 768w, https:\/\/emememe.org\/ademasdenubes\/wp-content\/uploads\/2025\/06\/STILLS-1536x1230.jpg 1536w, https:\/\/emememe.org\/ademasdenubes\/wp-content\/uploads\/2025\/06\/STILLS-2048x1640.jpg 2048w\" sizes=\"auto, (max-width: 2560px) 100vw, 2560px\" \/><figcaption class=\"wp-element-caption\"><em><strong>El d\u00eda que decid\u00ed pensar en las nubes<\/strong><\/em><br>Video monocanal de alta definici\u00f3n<br>8\u201915\u201d<br>Trabajo en proceso<br>2025<\/figcaption><\/figure>\n\n\n\n<p class=\"has-x-small-font-size\" style=\"line-height:1.2\"><\/p>\n<\/div>\n\n\n\n<div class=\"wp-block-column is-layout-flow wp-block-column-is-layout-flow\" style=\"padding-top:var(--wp--preset--spacing--30);padding-right:var(--wp--preset--spacing--50);padding-bottom:var(--wp--preset--spacing--30);padding-left:var(--wp--preset--spacing--50);flex-basis:50%\">\n<p class=\"has-text-align-right has-small-font-size\" style=\"padding-top:var(--wp--preset--spacing--50);padding-bottom:var(--wp--preset--spacing--50)\"><br><em>El d\u00eda que decid\u00ed pensar en las nubes <\/em>es un video monocanal con un paneo circular continuo, acompa\u00f1ado de una voz en off que explora el acto de contemplar las nubes. La narrativa gira en torno a un texto central, repetido cuatro veces, donde cada repetici\u00f3n evoluciona para introducir nuevas perspectivas sobre el cielo y el tiempo lineal y atmosf\u00e9rico. La repetici\u00f3n se convierte en un gesto clave, revelando progresivamente c\u00f3mo las nubes tambi\u00e9n pueden simbolizar la amenaza latente de la actual crisis planetaria.<\/p>\n<\/div>\n<\/div>\n\n\n\n<figure class=\"wp-block-image aligncenter size-full is-resized\" style=\"margin-right:0;margin-left:0\"><img loading=\"lazy\" decoding=\"async\" width=\"564\" height=\"476\" src=\"http:\/\/emememe.org\/ademasdenubes\/wp-content\/uploads\/2025\/06\/GIF_2.gif\" alt=\"\" class=\"wp-image-103\" style=\"width:535px;height:auto\"\/><\/figure>\n\n\n\n<div class=\"wp-block-columns is-layout-flex wp-container-core-columns-is-layout-28f84493 wp-block-columns-is-layout-flex\">\n<div class=\"wp-block-column is-layout-flow wp-block-column-is-layout-flow\" style=\"flex-basis:66.66%\">\n<figure class=\"wp-block-image aligncenter size-full\" style=\"margin-top:var(--wp--preset--spacing--20);margin-right:var(--wp--preset--spacing--80);margin-bottom:var(--wp--preset--spacing--20);margin-left:var(--wp--preset--spacing--80)\"><img loading=\"lazy\" decoding=\"async\" width=\"564\" height=\"476\" src=\"http:\/\/emememe.org\/ademasdenubes\/wp-content\/uploads\/2025\/06\/gif-3.gif\" alt=\"\" class=\"wp-image-116\" style=\"object-fit:cover\"\/><\/figure>\n<\/div>\n<\/div>\n","protected":false},"excerpt":{"rendered":"<p>El d\u00eda que decid\u00ed pensar en las nubes es un video monocanal con un paneo circular continuo, acompa\u00f1ado de una voz en off que explora el acto de contemplar las nubes. La narrativa gira en torno a un texto central, repetido cuatro veces, donde cada repetici\u00f3n evoluciona para introducir nuevas perspectivas sobre el cielo y [&hellip;]<\/p>\n","protected":false},"author":1,"featured_media":103,"comment_status":"open","ping_status":"open","sticky":false,"template":"","format":"standard","meta":{"footnotes":""},"categories":[8],"tags":[],"class_list":["post-83","post","type-post","status-publish","format-standard","has-post-thumbnail","hentry","category-trabajo-en-proceso"],"_links":{"self":[{"href":"https:\/\/emememe.org\/ademasdenubes\/wp-json\/wp\/v2\/posts\/83","targetHints":{"allow":["GET"]}}],"collection":[{"href":"https:\/\/emememe.org\/ademasdenubes\/wp-json\/wp\/v2\/posts"}],"about":[{"href":"https:\/\/emememe.org\/ademasdenubes\/wp-json\/wp\/v2\/types\/post"}],"author":[{"embeddable":true,"href":"https:\/\/emememe.org\/ademasdenubes\/wp-json\/wp\/v2\/users\/1"}],"replies":[{"embeddable":true,"href":"https:\/\/emememe.org\/ademasdenubes\/wp-json\/wp\/v2\/comments?post=83"}],"version-history":[{"count":30,"href":"https:\/\/emememe.org\/ademasdenubes\/wp-json\/wp\/v2\/posts\/83\/revisions"}],"predecessor-version":[{"id":340,"href":"https:\/\/emememe.org\/ademasdenubes\/wp-json\/wp\/v2\/posts\/83\/revisions\/340"}],"wp:featuredmedia":[{"embeddable":true,"href":"https:\/\/emememe.org\/ademasdenubes\/wp-json\/wp\/v2\/media\/103"}],"wp:attachment":[{"href":"https:\/\/emememe.org\/ademasdenubes\/wp-json\/wp\/v2\/media?parent=83"}],"wp:term":[{"taxonomy":"category","embeddable":true,"href":"https:\/\/emememe.org\/ademasdenubes\/wp-json\/wp\/v2\/categories?post=83"},{"taxonomy":"post_tag","embeddable":true,"href":"https:\/\/emememe.org\/ademasdenubes\/wp-json\/wp\/v2\/tags?post=83"}],"curies":[{"name":"wp","href":"https:\/\/api.w.org\/{rel}","templated":true}]}}