{"id":87,"date":"2024-12-14T00:28:00","date_gmt":"2024-12-14T00:28:00","guid":{"rendered":"https:\/\/emememe.org\/ademasdenubes\/?p=87"},"modified":"2025-06-20T17:30:23","modified_gmt":"2025-06-20T17:30:23","slug":"sin-titulo","status":"publish","type":"post","link":"https:\/\/emememe.org\/ademasdenubes\/trabajo-en-proceso\/sin-titulo\/","title":{"rendered":"Sin t\u00edtulo"},"content":{"rendered":"\n<div class=\"wp-block-columns is-layout-flex wp-container-core-columns-is-layout-28f84493 wp-block-columns-is-layout-flex\">\n<div class=\"wp-block-column is-layout-flow wp-block-column-is-layout-flow\" style=\"flex-basis:50%\">\n<figure class=\"wp-block-image size-full has-custom-border is-style-default\" style=\"margin-top:var(--wp--preset--spacing--60);margin-right:0;margin-bottom:var(--wp--preset--spacing--60);margin-left:0\"><img loading=\"lazy\" decoding=\"async\" width=\"564\" height=\"476\" src=\"http:\/\/emememe.org\/ademasdenubes\/wp-content\/uploads\/2025\/06\/efe-3.gif\" alt=\"\" class=\"wp-image-123\" style=\"border-style:none;border-width:0px;border-radius:0px\"\/><figcaption class=\"wp-element-caption\"><strong><em>Sin T\u00edtulo<\/em><\/strong> (fragmento)<br>Video monocanal de alta definici\u00f3n<br>8\u201950\u201d<br>Trabajo en proceso<br>2025<\/figcaption><\/figure>\n<\/div>\n\n\n\n<div class=\"wp-block-column is-layout-flow wp-block-column-is-layout-flow\"><\/div>\n\n\n\n<div class=\"wp-block-column is-layout-flow wp-block-column-is-layout-flow\" style=\"padding-top:var(--wp--preset--spacing--30);padding-right:var(--wp--preset--spacing--50);padding-bottom:var(--wp--preset--spacing--30);padding-left:var(--wp--preset--spacing--50);flex-basis:50%\">\n<p><\/p>\n\n\n\n<p class=\"has-text-align-right has-small-font-size\"><br><em>Sin T\u00edtulo<\/em> es un trabajo en proceso que revisa material de archivo de la Biblioteca Meteo France para establecer conexiones entre documentos, eventos hist\u00f3ricos, hechos locales y an\u00e9cdotas personales. El video se centra en dos casos en M\u00e9xico y Chile, donde los esfuerzos industriales masivos han provocado efectos dram\u00e1ticos en la ecolog\u00eda y el clima de estos sitios.<\/p>\n<\/div>\n<\/div>\n\n\n\n<p><\/p>\n\n\n\n<div class=\"wp-block-columns is-layout-flex wp-container-core-columns-is-layout-28f84493 wp-block-columns-is-layout-flex\">\n<div class=\"wp-block-column is-layout-flow wp-block-column-is-layout-flow\" style=\"flex-basis:100%\">\n<div class=\"wp-block-columns is-layout-flex wp-container-core-columns-is-layout-28f84493 wp-block-columns-is-layout-flex\">\n<div class=\"wp-block-column is-layout-flow wp-block-column-is-layout-flow\" style=\"flex-basis:100%\">\n<figure class=\"wp-block-image alignright size-large is-resized\"><img loading=\"lazy\" decoding=\"async\" width=\"1024\" height=\"612\" src=\"http:\/\/emememe.org\/ademasdenubes\/wp-content\/uploads\/2025\/06\/STILLS_1-1024x612.jpg\" alt=\"\" class=\"wp-image-89\" style=\"width:649px;height:auto\" srcset=\"https:\/\/emememe.org\/ademasdenubes\/wp-content\/uploads\/2025\/06\/STILLS_1-1024x612.jpg 1024w, https:\/\/emememe.org\/ademasdenubes\/wp-content\/uploads\/2025\/06\/STILLS_1-300x179.jpg 300w, https:\/\/emememe.org\/ademasdenubes\/wp-content\/uploads\/2025\/06\/STILLS_1-768x459.jpg 768w, https:\/\/emememe.org\/ademasdenubes\/wp-content\/uploads\/2025\/06\/STILLS_1-1536x919.jpg 1536w, https:\/\/emememe.org\/ademasdenubes\/wp-content\/uploads\/2025\/06\/STILLS_1-2048x1225.jpg 2048w\" sizes=\"auto, (max-width: 1024px) 100vw, 1024px\" \/><\/figure>\n<\/div>\n<\/div>\n<\/div>\n<\/div>\n\n\n\n<div class=\"wp-block-columns is-layout-flex wp-container-core-columns-is-layout-28f84493 wp-block-columns-is-layout-flex\">\n<div class=\"wp-block-column is-layout-flow wp-block-column-is-layout-flow\" style=\"flex-basis:100%\">\n<figure class=\"wp-block-image alignright size-large is-resized\"><img loading=\"lazy\" decoding=\"async\" width=\"1024\" height=\"612\" src=\"http:\/\/emememe.org\/ademasdenubes\/wp-content\/uploads\/2025\/06\/STILLS_2-1024x612.jpg\" alt=\"\" class=\"wp-image-90\" style=\"width:649px;height:auto\" srcset=\"https:\/\/emememe.org\/ademasdenubes\/wp-content\/uploads\/2025\/06\/STILLS_2-1024x612.jpg 1024w, https:\/\/emememe.org\/ademasdenubes\/wp-content\/uploads\/2025\/06\/STILLS_2-300x179.jpg 300w, https:\/\/emememe.org\/ademasdenubes\/wp-content\/uploads\/2025\/06\/STILLS_2-768x459.jpg 768w, https:\/\/emememe.org\/ademasdenubes\/wp-content\/uploads\/2025\/06\/STILLS_2-1536x919.jpg 1536w, https:\/\/emememe.org\/ademasdenubes\/wp-content\/uploads\/2025\/06\/STILLS_2-2048x1225.jpg 2048w\" sizes=\"auto, (max-width: 1024px) 100vw, 1024px\" \/><\/figure>\n<\/div>\n<\/div>\n\n\n\n<div class=\"wp-block-columns is-layout-flex wp-container-core-columns-is-layout-28f84493 wp-block-columns-is-layout-flex\">\n<div class=\"wp-block-column is-layout-flow wp-block-column-is-layout-flow\" style=\"flex-basis:55%\">\n<figure class=\"wp-block-image alignright size-full\"><img loading=\"lazy\" decoding=\"async\" width=\"564\" height=\"476\" src=\"http:\/\/emememe.org\/ademasdenubes\/wp-content\/uploads\/2025\/06\/efe_2.gif\" alt=\"\" class=\"wp-image-121\"\/><\/figure>\n<\/div>\n\n\n\n<div class=\"wp-block-column is-vertically-aligned-bottom is-layout-flow wp-block-column-is-layout-flow\" style=\"flex-basis:45%\">\n<p class=\"has-x-small-font-size\" style=\"line-height:1.2\"><strong><em>Sin T\u00edtulo<\/em><\/strong> (fragmento)<br>Video monocanal de alta definici\u00f3n<br>8\u201950\u201d<br>Trabajo en proceso<br>2025<\/p>\n<\/div>\n<\/div>\n\n\n\n<p><\/p>\n","protected":false},"excerpt":{"rendered":"<p>Sin T\u00edtulo es un trabajo en proceso que revisa material de archivo de la Biblioteca Meteo France para establecer conexiones entre documentos, eventos hist\u00f3ricos, hechos locales y an\u00e9cdotas personales. El video se centra en dos casos en M\u00e9xico y Chile, donde los esfuerzos industriales masivos han provocado efectos dram\u00e1ticos en la ecolog\u00eda y el clima [&hellip;]<\/p>\n","protected":false},"author":1,"featured_media":119,"comment_status":"open","ping_status":"open","sticky":false,"template":"","format":"standard","meta":{"footnotes":""},"categories":[8],"tags":[],"class_list":["post-87","post","type-post","status-publish","format-standard","has-post-thumbnail","hentry","category-trabajo-en-proceso"],"_links":{"self":[{"href":"https:\/\/emememe.org\/ademasdenubes\/wp-json\/wp\/v2\/posts\/87","targetHints":{"allow":["GET"]}}],"collection":[{"href":"https:\/\/emememe.org\/ademasdenubes\/wp-json\/wp\/v2\/posts"}],"about":[{"href":"https:\/\/emememe.org\/ademasdenubes\/wp-json\/wp\/v2\/types\/post"}],"author":[{"embeddable":true,"href":"https:\/\/emememe.org\/ademasdenubes\/wp-json\/wp\/v2\/users\/1"}],"replies":[{"embeddable":true,"href":"https:\/\/emememe.org\/ademasdenubes\/wp-json\/wp\/v2\/comments?post=87"}],"version-history":[{"count":23,"href":"https:\/\/emememe.org\/ademasdenubes\/wp-json\/wp\/v2\/posts\/87\/revisions"}],"predecessor-version":[{"id":346,"href":"https:\/\/emememe.org\/ademasdenubes\/wp-json\/wp\/v2\/posts\/87\/revisions\/346"}],"wp:featuredmedia":[{"embeddable":true,"href":"https:\/\/emememe.org\/ademasdenubes\/wp-json\/wp\/v2\/media\/119"}],"wp:attachment":[{"href":"https:\/\/emememe.org\/ademasdenubes\/wp-json\/wp\/v2\/media?parent=87"}],"wp:term":[{"taxonomy":"category","embeddable":true,"href":"https:\/\/emememe.org\/ademasdenubes\/wp-json\/wp\/v2\/categories?post=87"},{"taxonomy":"post_tag","embeddable":true,"href":"https:\/\/emememe.org\/ademasdenubes\/wp-json\/wp\/v2\/tags?post=87"}],"curies":[{"name":"wp","href":"https:\/\/api.w.org\/{rel}","templated":true}]}}