{"id":94,"date":"2024-10-05T00:38:00","date_gmt":"2024-10-05T00:38:00","guid":{"rendered":"https:\/\/emememe.org\/ademasdenubes\/?p=94"},"modified":"2025-06-20T17:35:21","modified_gmt":"2025-06-20T17:35:21","slug":"bitacora-personal","status":"publish","type":"post","link":"https:\/\/emememe.org\/ademasdenubes\/proceso-de-trabajo\/bitacora-personal\/","title":{"rendered":"BIT\u00c1CORA PERSONAL"},"content":{"rendered":"\n<p><\/p>\n\n\n\n<div class=\"wp-block-columns is-layout-flex wp-container-core-columns-is-layout-7abde1fe wp-block-columns-is-layout-flex\" style=\"padding-top:var(--wp--preset--spacing--40);padding-bottom:var(--wp--preset--spacing--40)\">\n<div class=\"wp-block-column is-layout-flow wp-block-column-is-layout-flow\" style=\"padding-top:var(--wp--preset--spacing--50);padding-bottom:var(--wp--preset--spacing--50);flex-basis:55%\">\n<p><\/p>\n\n\n\n<p style=\"font-size:clamp(0.875rem, 0.875rem + ((1vw - 0.2rem) * 0.281), 1.1rem);\">Desde el inicio y hasta dos semanas antes del t\u00e9rmino de la residencia, llev\u00e9 a cabo un ejercicio diario de dibujo centrado en las nubes. Diariamente realic\u00e9 una representaci\u00f3n de una nube distinta, ya fuera observada directamente en el cielo o en otros contextos visuales, como museos, libros, atlas meteorol\u00f3gicos o archivos digitales.<\/p>\n\n\n\n<p style=\"font-size:clamp(0.875rem, 0.875rem + ((1vw - 0.2rem) * 0.281), 1.1rem);\">Este proceso no se limit\u00f3 a la pr\u00e1ctica visual, sino que se acompa\u00f1\u00f3 de textos breves, observaciones, ideas sueltas y reflexiones personales. El conjunto de dibujos y notas funcion\u00f3 como un espacio de exploraci\u00f3n desde donde se fue gestando el desarrollo conceptual y narrativo de los video ensayos en curso.<\/p>\n\n\n\n<p style=\"font-size:clamp(0.875rem, 0.875rem + ((1vw - 0.2rem) * 0.281), 1.1rem);\">M\u00e1s que representar, el dibujo oper\u00f3 aqu\u00ed como una herramienta para pensar, es decir, un modo de aproximarse a lo atmosf\u00e9rico a trav\u00e9s de la observaci\u00f3n, la repetici\u00f3n y el desv\u00edo, permitiendo que el espacio del hacer se convierta en lugar de surgimiento de nuevas ideas.<\/p>\n<\/div>\n\n\n\n<div class=\"wp-block-column is-vertically-aligned-top is-layout-flow wp-block-column-is-layout-flow\" style=\"padding-right:0;padding-left:0;flex-basis:27%\">\n<figure class=\"wp-block-image size-large\" style=\"margin-top:var(--wp--preset--spacing--60);margin-right:var(--wp--preset--spacing--50);margin-bottom:var(--wp--preset--spacing--60);margin-left:var(--wp--preset--spacing--50)\"><img loading=\"lazy\" decoding=\"async\" width=\"1024\" height=\"683\" src=\"http:\/\/emememe.org\/ademasdenubes\/wp-content\/uploads\/2025\/06\/IMG_9808-1024x683.jpg\" alt=\"\" class=\"wp-image-98\" srcset=\"https:\/\/emememe.org\/ademasdenubes\/wp-content\/uploads\/2025\/06\/IMG_9808-1024x683.jpg 1024w, https:\/\/emememe.org\/ademasdenubes\/wp-content\/uploads\/2025\/06\/IMG_9808-300x200.jpg 300w, https:\/\/emememe.org\/ademasdenubes\/wp-content\/uploads\/2025\/06\/IMG_9808-768x512.jpg 768w, https:\/\/emememe.org\/ademasdenubes\/wp-content\/uploads\/2025\/06\/IMG_9808.jpg 1417w\" sizes=\"auto, (max-width: 1024px) 100vw, 1024px\" \/><\/figure>\n\n\n\n<figure class=\"wp-block-image size-large\" style=\"margin-right:var(--wp--preset--spacing--50);margin-left:var(--wp--preset--spacing--50)\"><img loading=\"lazy\" decoding=\"async\" width=\"1024\" height=\"683\" src=\"http:\/\/emememe.org\/ademasdenubes\/wp-content\/uploads\/2025\/06\/IMG_9781-2-1024x683.jpg\" alt=\"\" class=\"wp-image-99\" srcset=\"https:\/\/emememe.org\/ademasdenubes\/wp-content\/uploads\/2025\/06\/IMG_9781-2-1024x683.jpg 1024w, https:\/\/emememe.org\/ademasdenubes\/wp-content\/uploads\/2025\/06\/IMG_9781-2-300x200.jpg 300w, https:\/\/emememe.org\/ademasdenubes\/wp-content\/uploads\/2025\/06\/IMG_9781-2-768x512.jpg 768w, https:\/\/emememe.org\/ademasdenubes\/wp-content\/uploads\/2025\/06\/IMG_9781-2-1536x1024.jpg 1536w, https:\/\/emememe.org\/ademasdenubes\/wp-content\/uploads\/2025\/06\/IMG_9781-2-2048x1365.jpg 2048w\" sizes=\"auto, (max-width: 1024px) 100vw, 1024px\" \/><\/figure>\n<\/div>\n<\/div>\n\n\n\n<figure class=\"wp-block-image size-large is-resized\" style=\"margin-top:var(--wp--preset--spacing--60);margin-bottom:var(--wp--preset--spacing--60)\"><img loading=\"lazy\" decoding=\"async\" width=\"762\" height=\"1024\" src=\"http:\/\/emememe.org\/ademasdenubes\/wp-content\/uploads\/2025\/06\/collage_2-762x1024.jpg\" alt=\"\" class=\"wp-image-100\" style=\"width:534px;height:auto\" srcset=\"https:\/\/emememe.org\/ademasdenubes\/wp-content\/uploads\/2025\/06\/collage_2-762x1024.jpg 762w, https:\/\/emememe.org\/ademasdenubes\/wp-content\/uploads\/2025\/06\/collage_2-223x300.jpg 223w, https:\/\/emememe.org\/ademasdenubes\/wp-content\/uploads\/2025\/06\/collage_2-768x1032.jpg 768w, https:\/\/emememe.org\/ademasdenubes\/wp-content\/uploads\/2025\/06\/collage_2-1144x1536.jpg 1144w, https:\/\/emememe.org\/ademasdenubes\/wp-content\/uploads\/2025\/06\/collage_2-1525x2048.jpg 1525w, https:\/\/emememe.org\/ademasdenubes\/wp-content\/uploads\/2025\/06\/collage_2-scaled.jpg 1906w\" sizes=\"auto, (max-width: 762px) 100vw, 762px\" \/><\/figure>\n\n\n\n<div class=\"wp-block-columns is-layout-flex wp-container-core-columns-is-layout-28f84493 wp-block-columns-is-layout-flex\">\n<div class=\"wp-block-column is-layout-flow wp-block-column-is-layout-flow\">\n<figure class=\"wp-block-image alignright size-large is-resized\" style=\"margin-top:0;margin-bottom:0\"><img loading=\"lazy\" decoding=\"async\" width=\"764\" height=\"1024\" src=\"http:\/\/emememe.org\/ademasdenubes\/wp-content\/uploads\/2025\/06\/collage_chico-4-1-764x1024.jpg\" alt=\"\" class=\"wp-image-101\" style=\"width:534px\" srcset=\"https:\/\/emememe.org\/ademasdenubes\/wp-content\/uploads\/2025\/06\/collage_chico-4-1-764x1024.jpg 764w, https:\/\/emememe.org\/ademasdenubes\/wp-content\/uploads\/2025\/06\/collage_chico-4-1-224x300.jpg 224w, https:\/\/emememe.org\/ademasdenubes\/wp-content\/uploads\/2025\/06\/collage_chico-4-1-768x1029.jpg 768w, https:\/\/emememe.org\/ademasdenubes\/wp-content\/uploads\/2025\/06\/collage_chico-4-1-1147x1536.jpg 1147w, https:\/\/emememe.org\/ademasdenubes\/wp-content\/uploads\/2025\/06\/collage_chico-4-1-1529x2048.jpg 1529w, https:\/\/emememe.org\/ademasdenubes\/wp-content\/uploads\/2025\/06\/collage_chico-4-1-scaled.jpg 1911w\" sizes=\"auto, (max-width: 764px) 100vw, 764px\" \/><\/figure>\n\n\n\n<figure class=\"wp-block-image size-full\"><img loading=\"lazy\" decoding=\"async\" width=\"953\" height=\"608\" src=\"http:\/\/emememe.org\/ademasdenubes\/wp-content\/uploads\/2025\/06\/IMG_7668-01-invertida.png\" alt=\"\" class=\"wp-image-169\" srcset=\"https:\/\/emememe.org\/ademasdenubes\/wp-content\/uploads\/2025\/06\/IMG_7668-01-invertida.png 953w, https:\/\/emememe.org\/ademasdenubes\/wp-content\/uploads\/2025\/06\/IMG_7668-01-invertida-300x191.png 300w, https:\/\/emememe.org\/ademasdenubes\/wp-content\/uploads\/2025\/06\/IMG_7668-01-invertida-768x490.png 768w\" sizes=\"auto, (max-width: 953px) 100vw, 953px\" \/><\/figure>\n<\/div>\n<\/div>\n\n\n\n<p style=\"padding-top:var(--wp--preset--spacing--20);padding-bottom:var(--wp--preset--spacing--20)\"><\/p>\n\n\n\n<p><\/p>\n","protected":false},"excerpt":{"rendered":"<p>Desde el inicio y hasta dos semanas antes del t\u00e9rmino de la residencia, llev\u00e9 a cabo un ejercicio diario de dibujo centrado en las nubes. Diariamente realic\u00e9 una representaci\u00f3n de una nube distinta, ya fuera observada directamente en el cielo o en otros contextos visuales, como museos, libros, atlas meteorol\u00f3gicos o archivos digitales. Este proceso [&hellip;]<\/p>\n","protected":false},"author":1,"featured_media":99,"comment_status":"open","ping_status":"open","sticky":false,"template":"","format":"standard","meta":{"footnotes":""},"categories":[9],"tags":[],"class_list":["post-94","post","type-post","status-publish","format-standard","has-post-thumbnail","hentry","category-proceso-de-trabajo"],"_links":{"self":[{"href":"https:\/\/emememe.org\/ademasdenubes\/wp-json\/wp\/v2\/posts\/94","targetHints":{"allow":["GET"]}}],"collection":[{"href":"https:\/\/emememe.org\/ademasdenubes\/wp-json\/wp\/v2\/posts"}],"about":[{"href":"https:\/\/emememe.org\/ademasdenubes\/wp-json\/wp\/v2\/types\/post"}],"author":[{"embeddable":true,"href":"https:\/\/emememe.org\/ademasdenubes\/wp-json\/wp\/v2\/users\/1"}],"replies":[{"embeddable":true,"href":"https:\/\/emememe.org\/ademasdenubes\/wp-json\/wp\/v2\/comments?post=94"}],"version-history":[{"count":13,"href":"https:\/\/emememe.org\/ademasdenubes\/wp-json\/wp\/v2\/posts\/94\/revisions"}],"predecessor-version":[{"id":354,"href":"https:\/\/emememe.org\/ademasdenubes\/wp-json\/wp\/v2\/posts\/94\/revisions\/354"}],"wp:featuredmedia":[{"embeddable":true,"href":"https:\/\/emememe.org\/ademasdenubes\/wp-json\/wp\/v2\/media\/99"}],"wp:attachment":[{"href":"https:\/\/emememe.org\/ademasdenubes\/wp-json\/wp\/v2\/media?parent=94"}],"wp:term":[{"taxonomy":"category","embeddable":true,"href":"https:\/\/emememe.org\/ademasdenubes\/wp-json\/wp\/v2\/categories?post=94"},{"taxonomy":"post_tag","embeddable":true,"href":"https:\/\/emememe.org\/ademasdenubes\/wp-json\/wp\/v2\/tags?post=94"}],"curies":[{"name":"wp","href":"https:\/\/api.w.org\/{rel}","templated":true}]}}